{"id":173,"date":"2018-12-04T09:51:03","date_gmt":"2018-12-04T07:51:03","guid":{"rendered":"http:\/\/www.kannelmaki.fi\/kaarela-seura\/?p=173"},"modified":"2018-12-04T09:51:44","modified_gmt":"2018-12-04T07:51:44","slug":"itsenaisyyspaivan-juhla-to-6-12-klo-14-00-kanneltalossa","status":"publish","type":"post","link":"http:\/\/www.kannelmaki.fi\/kaarela-seura\/2018\/12\/04\/itsenaisyyspaivan-juhla-to-6-12-klo-14-00-kanneltalossa\/","title":{"rendered":"Itsen\u00e4isyysp\u00e4iv\u00e4n juhla To 6.12. klo 14.00 Kanneltalossa"},"content":{"rendered":"<p><img loading=\"lazy\" src=\"http:\/\/www.kannelmaki.fi\/kaarela-seura\/wp-content\/uploads\/2018\/12\/Suomen_lippu_valokuva2.png\" alt=\"\" width=\"450\" height=\"277\" class=\"alignnone size-full wp-image-175\" srcset=\"http:\/\/www.kannelmaki.fi\/kaarela-seura\/wp-content\/uploads\/2018\/12\/Suomen_lippu_valokuva2.png 450w, http:\/\/www.kannelmaki.fi\/kaarela-seura\/wp-content\/uploads\/2018\/12\/Suomen_lippu_valokuva2-300x185.png 300w\" sizes=\"(max-width: 450px) 100vw, 450px\" \/><\/p>\n<p><strong>J\u00e4rjest\u00e4\u00e4 Kaarela-Seura ry<\/strong><br \/>\n<strong>Vapaa p\u00e4\u00e4sy \u2022 Kahvila avoinna<\/strong><br \/>\n<strong>Juhlapuhujana valtakunnansyytt\u00e4j\u00e4\u00a0prof. Matti Kuusim\u00e4ki (el\u00e4kk.)<\/strong><\/p>\n<p>OHJELMA<\/p>\n<p>Avaussanat\u00a0Kaarela -Seuran puheenjohtaja Erik B\u00e4rlund<br \/>\n\u2022<br \/>\nVASKIKVINTETTI V\u00c4\u00c4R\u00c4 VITONEN<br \/>\nJussi Virtanen tuuba, Mauri Rothsten 1. kornetti, Ville Fogelberg 2. kornetti, Per Hyt\u00f6nen alttotorvi, Ulf Str\u00f6msholm euphonium.<br \/>\n&#8211; Juhlamarssi, Armas Maasalo, sov. Urpo Laaksonen<br \/>\n&#8211; Yksi ruusu on kasvanut laaksossa, trad., sov. Markku Viitasaari<br \/>\n&#8211; Leila poloneesi, V\u00e4in\u00f6 Tuominen<br \/>\n\u2022<br \/>\nKannelm\u00e4en Voimistelijat, tanssiryhm\u00e4 MELODY<br \/>\n\u201dJ\u00e4\u00e4hileet\u201d &#8211; ohjaaja Nora Kuurne<br \/>\n\u2022<br \/>\nKannelm\u00e4en Voimistelijat, tanssiryhm\u00e4 HARMONY<br \/>\n\u201dIt\u00e4meren kaiho\u201d &#8211; ohjaaja Jasmin Rossi<br \/>\n\u2022<br \/>\nJuhlapuhe Professori, valtakunnansyytt\u00e4j\u00e4 (el\u00e4kk.) MATTI KUUSIM\u00c4KI<br \/>\n\u2022<br \/>\nDUO FRIM FRAM &#8211;\u00a0Sirpa Suomalainen saksofoni, Juki V\u00e4lipakka laulu ja kitara<br \/>\n&#8211; Baby. It`s Cold Outside, Frank Loesser<br \/>\n&#8211; I`m Beginning To See the Light, Duke Ellington<br \/>\n&#8211; Minun t\u00e4hteni, Esa Kaartamo<br \/>\n\u2022<br \/>\n\u2014 v\u00e4liaika \u2014<br \/>\n\u2022<br \/>\nSTADIN SLANGIB\u00c4NDI<br \/>\nJaakko Perki\u00f6kangas basso, Timo Saarto kitara, Matti Salo laulu ja kitara, Jani Takkunen laulu ja chemperummut.<br \/>\n&#8211; Fiilis, s\u00e4v.san. J.Perki\u00f6kangas<br \/>\n&#8211; Morjens Viivi (trad.)<br \/>\n&#8211; Tonnin Stiflat, s\u00e4v.san.tuomari Nurmio<br \/>\n&#8211; Kaipaan Stadiin (Memphis Tennesee, s\u00e4v.san. Chuck Berry),<br \/>\nslangisanat J. Perki\u00f6kangas<br \/>\n&#8211; Kaikki messiin (Come Together), slangisanat J.Perki\u00f6kangas<br \/>\n\u2022<br \/>\nKAARELAN VUODEN 2018 YRITT\u00c4J\u00c4N PALKITSEMINEN<br \/>\n\u2022<br \/>\nTOM EKLUND ja LIIVIT BOYS<br \/>\nTom Eklund laulu ja kitara, Simo Kuusela basso ja kitara,<br \/>\nMatti Kankkonen kitara, Otto Haapanen rummut ja<br \/>\nly\u00f6m\u00e4soittimet.<br \/>\n&#8211; Taivas putoaa (s\u00e4v.san. Tom Eklund)<br \/>\n&#8211; Pelastaja (s\u00e4v.san. Tom Eklund)<br \/>\n&#8211; Valot (s\u00e4v.san. Rauli Badding Somerjoki)<br \/>\n\u2022<br \/>\nKannelm\u00e4en Soitannollinen Seura<br \/>\nLuis Ramirez kapellimestari, I viulu &#8211; Ekaterina Barilova II viulu &#8211; Varpu Silvennoinen alttoviulu &#8211; Natalia Shreit sello<br \/>\n&#8211; Kalle Korpinen kontrabasso &#8211; Pekka Arvilommi piano<br \/>\n&#8211; Seppo Lindy kitara, puh.joht.<br \/>\nLaulusolistit: Amadeus Lundberg, Raija Koso, Taisto Saaresaho<\/p>\n<p>&#8211; T. Saaresaho: T\u00e4ysikuu, s\u00e4v. Pedro de Punta, san. Orvokki It\u00e4<br \/>\n&#8211; Raija Koso: Kerran ainoastaan, s\u00e4v. Augustin Lara, san. R.Reiman<br \/>\nPieni Kukkanen, s\u00e4v Sidney Bechet<br \/>\n&#8211; Amadeus: Satumaa, s\u00e4v. san. Unto Mononen<br \/>\nTaivas on sininen ja valkoinen, suom. kansanlaulu<br \/>\n&#8211; Jousikvartetti: Kehtolaulu, s\u00e4v. Armas J\u00e4rnefelt<br \/>\n&#8211; Amadeus: Finlandia, s\u00e4v. Jean Sibelius, san. V.A.Koskenniemi<br \/>\n\u2022<br \/>\nMaamme<br \/>\ns\u00e4v. F.Pacius, san. J.L.Runeberg<\/p>\n","protected":false},"excerpt":{"rendered":"<p>J\u00e4rjest\u00e4\u00e4 Kaarela-Seura ry Vapaa p\u00e4\u00e4sy \u2022 Kahvila avoinna Juhlapuhujana valtakunnansyytt\u00e4j\u00e4\u00a0prof. Matti Kuusim\u00e4ki (el\u00e4kk.) OHJELMA Avaussanat\u00a0Kaarela -Seuran puheenjohtaja Erik B\u00e4rlund \u2022 VASKIKVINTETTI V\u00c4\u00c4R\u00c4 VITONEN Jussi Virtanen tuuba, Mauri Rothsten 1. kornetti, Ville Fogelberg 2. kornetti, Per Hyt\u00f6nen alttotorvi, Ulf Str\u00f6msholm euphonium. &#8211; Juhlamarssi, Armas Maasalo, sov. Urpo Laaksonen &#8211; Yksi ruusu [&hellip;]<\/p>\n","protected":false},"author":1,"featured_media":175,"comment_status":"closed","ping_status":"open","sticky":false,"template":"","format":"standard","meta":[],"categories":[5,1],"tags":[17,18],"_links":{"self":[{"href":"http:\/\/www.kannelmaki.fi\/kaarela-seura\/wp-json\/wp\/v2\/posts\/173"}],"collection":[{"href":"http:\/\/www.kannelmaki.fi\/kaarela-seura\/wp-json\/wp\/v2\/posts"}],"about":[{"href":"http:\/\/www.kannelmaki.fi\/kaarela-seura\/wp-json\/wp\/v2\/types\/post"}],"author":[{"embeddable":true,"href":"http:\/\/www.kannelmaki.fi\/kaarela-seura\/wp-json\/wp\/v2\/users\/1"}],"replies":[{"embeddable":true,"href":"http:\/\/www.kannelmaki.fi\/kaarela-seura\/wp-json\/wp\/v2\/comments?post=173"}],"version-history":[{"count":2,"href":"http:\/\/www.kannelmaki.fi\/kaarela-seura\/wp-json\/wp\/v2\/posts\/173\/revisions"}],"predecessor-version":[{"id":176,"href":"http:\/\/www.kannelmaki.fi\/kaarela-seura\/wp-json\/wp\/v2\/posts\/173\/revisions\/176"}],"wp:featuredmedia":[{"embeddable":true,"href":"http:\/\/www.kannelmaki.fi\/kaarela-seura\/wp-json\/wp\/v2\/media\/175"}],"wp:attachment":[{"href":"http:\/\/www.kannelmaki.fi\/kaarela-seura\/wp-json\/wp\/v2\/media?parent=173"}],"wp:term":[{"taxonomy":"category","embeddable":true,"href":"http:\/\/www.kannelmaki.fi\/kaarela-seura\/wp-json\/wp\/v2\/categories?post=173"},{"taxonomy":"post_tag","embeddable":true,"href":"http:\/\/www.kannelmaki.fi\/kaarela-seura\/wp-json\/wp\/v2\/tags?post=173"}],"curies":[{"name":"wp","href":"https:\/\/api.w.org\/{rel}","templated":true}]}}