{"id":194,"date":"2019-11-05T12:21:55","date_gmt":"2019-11-05T10:21:55","guid":{"rendered":"http:\/\/www.kannelmaki.fi\/kaarela-seura\/?p=194"},"modified":"2019-11-22T12:49:07","modified_gmt":"2019-11-22T10:49:07","slug":"itsenaisyyspaivan-juhla-kanneltalossa-pe-6-12-2019-klo-14-16","status":"publish","type":"post","link":"http:\/\/www.kannelmaki.fi\/kaarela-seura\/2019\/11\/05\/itsenaisyyspaivan-juhla-kanneltalossa-pe-6-12-2019-klo-14-16\/","title":{"rendered":"Itsen\u00e4isyysp\u00e4iv\u00e4n juhla Kanneltalossa Pe 6.12.2019 klo 14-16"},"content":{"rendered":"<div id=\"attachment_212\" style=\"width: 310px\" class=\"wp-caption alignnone\"><img aria-describedby=\"caption-attachment-212\" loading=\"lazy\" src=\"http:\/\/www.kannelmaki.fi\/kaarela-seura\/wp-content\/uploads\/2019\/11\/73291298_2600752203343620_8739150874078609408_o-300x180.jpg\" alt=\"\" width=\"300\" height=\"180\" class=\"wp-image-212 size-medium\" srcset=\"http:\/\/www.kannelmaki.fi\/kaarela-seura\/wp-content\/uploads\/2019\/11\/73291298_2600752203343620_8739150874078609408_o-300x180.jpg 300w, http:\/\/www.kannelmaki.fi\/kaarela-seura\/wp-content\/uploads\/2019\/11\/73291298_2600752203343620_8739150874078609408_o-768x461.jpg 768w, http:\/\/www.kannelmaki.fi\/kaarela-seura\/wp-content\/uploads\/2019\/11\/73291298_2600752203343620_8739150874078609408_o-1024x614.jpg 1024w, http:\/\/www.kannelmaki.fi\/kaarela-seura\/wp-content\/uploads\/2019\/11\/73291298_2600752203343620_8739150874078609408_o.jpg 1080w\" sizes=\"(max-width: 300px) 100vw, 300px\" \/><p id=\"caption-attachment-212\" class=\"wp-caption-text\">Swing Memories Jazz Band solistina Minna Lasanen<br \/> kuva: Maria Kalmi<\/p><\/div>\n<p><strong>Kaarela-Seuran perinteinen Itsen\u00e4isyysp\u00e4iv\u00e4n juhla Kanneltalossa Pe 6.12.2019 klo 14-16<\/strong><\/p>\n<p><strong>J\u00e4rjest\u00e4\u00e4 Kaarela-Seura ry<\/strong><br \/>\n<strong>Vapaa p\u00e4\u00e4sy \u2022 Kahvila avoinna<\/strong><br \/>\n<strong>Juhlapuhujana apulaiskaupunginjohtaja Tomi Sevander<br \/>\n<span>Palkitaan Vuoden 2019 Kaarelan Yritt\u00e4j\u00e4!<\/span><\/strong><\/p>\n<hr \/>\n<p>OHJELMA:<\/p>\n<p><span>Tilaisuuden avaus.<\/span><br \/>\n<span>Kannelm\u00e4en Voimistelijat ryhm\u00e4 1.<\/span><br \/>\n<span>Kannelm\u00e4en Voimistelijat ryhm\u00e4 2.<\/span><br \/>\n<span>Juhlapuhe, vt.apulaispormestari Tomi Sevander.<\/span><br \/>\n<span>Swing Memories Jazz Band, solisti Minna Lasanen.<\/span><br \/>\n<span>\u00a0\u00a0\u00a0\u00a0\u00a0\u00a0\u00a0\u00a0\u00a0\u00a0\u00a0\u00a0\u00a0\u00a0\u00a0\u00a0\u00a0\u00a0 &#8212;&#8211; kahvitauko &#8212;&#8211;<\/span><br \/>\n<span>Duo Frim Fram; Sirpa Suomalainen ja Juki V\u00e4lipakka.<\/span><br \/>\n<span>Vuoden 2019 Kaarelan yritt\u00e4j\u00e4n palkitseminen.<\/span><br \/>\n<span>Kannelm\u00e4en Soitannollinen Seura, solistit Raija Koso\u00a0<\/span><span>ja Amadeus.<\/span><br \/>\n<span>Yhteislauluna Maamme -laulu.<\/span><\/p>\n<p><span>Tilaisuus on kaikille avoin &#8211; TERVETULOA!<\/span><\/p>\n","protected":false},"excerpt":{"rendered":"<p>Kaarela-Seuran perinteinen Itsen\u00e4isyysp\u00e4iv\u00e4n juhla Kanneltalossa Pe 6.12.2019 klo 14-16 J\u00e4rjest\u00e4\u00e4 Kaarela-Seura ry Vapaa p\u00e4\u00e4sy \u2022 Kahvila avoinna Juhlapuhujana apulaiskaupunginjohtaja Tomi Sevander Palkitaan Vuoden 2019 Kaarelan Yritt\u00e4j\u00e4! OHJELMA: Tilaisuuden avaus. Kannelm\u00e4en Voimistelijat ryhm\u00e4 1. Kannelm\u00e4en Voimistelijat ryhm\u00e4 2. Juhlapuhe, vt.apulaispormestari Tomi Sevander. Swing Memories Jazz Band, solisti Minna Lasanen. \u00a0\u00a0\u00a0\u00a0\u00a0\u00a0\u00a0\u00a0\u00a0\u00a0\u00a0\u00a0\u00a0\u00a0\u00a0\u00a0\u00a0\u00a0 &#8212;&#8211; [&hellip;]<\/p>\n","protected":false},"author":1,"featured_media":175,"comment_status":"closed","ping_status":"open","sticky":false,"template":"","format":"standard","meta":[],"categories":[5,1],"tags":[],"_links":{"self":[{"href":"http:\/\/www.kannelmaki.fi\/kaarela-seura\/wp-json\/wp\/v2\/posts\/194"}],"collection":[{"href":"http:\/\/www.kannelmaki.fi\/kaarela-seura\/wp-json\/wp\/v2\/posts"}],"about":[{"href":"http:\/\/www.kannelmaki.fi\/kaarela-seura\/wp-json\/wp\/v2\/types\/post"}],"author":[{"embeddable":true,"href":"http:\/\/www.kannelmaki.fi\/kaarela-seura\/wp-json\/wp\/v2\/users\/1"}],"replies":[{"embeddable":true,"href":"http:\/\/www.kannelmaki.fi\/kaarela-seura\/wp-json\/wp\/v2\/comments?post=194"}],"version-history":[{"count":10,"href":"http:\/\/www.kannelmaki.fi\/kaarela-seura\/wp-json\/wp\/v2\/posts\/194\/revisions"}],"predecessor-version":[{"id":219,"href":"http:\/\/www.kannelmaki.fi\/kaarela-seura\/wp-json\/wp\/v2\/posts\/194\/revisions\/219"}],"wp:featuredmedia":[{"embeddable":true,"href":"http:\/\/www.kannelmaki.fi\/kaarela-seura\/wp-json\/wp\/v2\/media\/175"}],"wp:attachment":[{"href":"http:\/\/www.kannelmaki.fi\/kaarela-seura\/wp-json\/wp\/v2\/media?parent=194"}],"wp:term":[{"taxonomy":"category","embeddable":true,"href":"http:\/\/www.kannelmaki.fi\/kaarela-seura\/wp-json\/wp\/v2\/categories?post=194"},{"taxonomy":"post_tag","embeddable":true,"href":"http:\/\/www.kannelmaki.fi\/kaarela-seura\/wp-json\/wp\/v2\/tags?post=194"}],"curies":[{"name":"wp","href":"https:\/\/api.w.org\/{rel}","templated":true}]}}