{"id":286,"date":"2020-03-08T22:05:16","date_gmt":"2020-03-08T20:05:16","guid":{"rendered":"http:\/\/www.kannelmaki.fi\/kaarela-seura\/?p=286"},"modified":"2020-03-17T22:53:41","modified_gmt":"2020-03-17T20:53:41","slug":"kevatkokous-2","status":"publish","type":"post","link":"http:\/\/www.kannelmaki.fi\/kaarela-seura\/2020\/03\/08\/kevatkokous-2\/","title":{"rendered":"KEV\u00c4TKOKOUS\u00a0SIIRTYY!!"},"content":{"rendered":"<p><strong>AIEMMIN ILMOITETTU KAARELA-SEURAN S\u00c4\u00c4NT\u00d6M\u00c4\u00c4R\u00c4INEN KEV\u00c4TKOKOUS SIIRTYY TUONNEMMAKSI<\/strong><\/p>\n<p>HALLITUKSEN T\u00c4M\u00c4NHETKISTEN LINJAUSTEN MUKAISESTI MY\u00d6S KAARELA-SEURAN KEV\u00c4TKOKOUS J\u00c4\u00c4 KOKOONTUMATTA AIEMMIN MAINITTUNA AJANKOHTANA.<\/p>\n<p>ILMOITAMME UUDEN P\u00c4IV\u00c4M\u00c4\u00c4R\u00c4N MY\u00d6HEMMIN.<\/p>\n<p>&nbsp;<\/p>\n<p><em>\u00a0&#8211; Ottakaa fyysist\u00e4 et\u00e4isyytt\u00e4 ja henkist\u00e4 l\u00e4heisyytt\u00e4 toisiinne.<\/em><\/p>\n<h6><em>\u00a0<\/em><img loading=\"lazy\" src=\"http:\/\/www.kannelmaki.fi\/kaarela-seura\/wp-content\/uploads\/2020\/03\/fullsizeoutput_6c9-300x179.jpeg\" alt=\"\" width=\"300\" height=\"179\" class=\"alignnone size-medium wp-image-287\" srcset=\"http:\/\/www.kannelmaki.fi\/kaarela-seura\/wp-content\/uploads\/2020\/03\/fullsizeoutput_6c9-300x179.jpeg 300w, http:\/\/www.kannelmaki.fi\/kaarela-seura\/wp-content\/uploads\/2020\/03\/fullsizeoutput_6c9.jpeg 556w\" sizes=\"(max-width: 300px) 100vw, 300px\" \/><\/h6>\n<pre>p\u00e4ivitetty 17.3.2020<\/pre>\n","protected":false},"excerpt":{"rendered":"<p>AIEMMIN ILMOITETTU KAARELA-SEURAN S\u00c4\u00c4NT\u00d6M\u00c4\u00c4R\u00c4INEN KEV\u00c4TKOKOUS SIIRTYY TUONNEMMAKSI HALLITUKSEN T\u00c4M\u00c4NHETKISTEN LINJAUSTEN MUKAISESTI MY\u00d6S KAARELA-SEURAN KEV\u00c4TKOKOUS J\u00c4\u00c4 KOKOONTUMATTA AIEMMIN MAINITTUNA AJANKOHTANA. ILMOITAMME UUDEN P\u00c4IV\u00c4M\u00c4\u00c4R\u00c4N MY\u00d6HEMMIN. &nbsp; \u00a0&#8211; Ottakaa fyysist\u00e4 et\u00e4isyytt\u00e4 ja henkist\u00e4 l\u00e4heisyytt\u00e4 toisiinne. \u00a0 p\u00e4ivitetty 17.3.2020<\/p>\n","protected":false},"author":1,"featured_media":287,"comment_status":"closed","ping_status":"open","sticky":false,"template":"","format":"standard","meta":[],"categories":[5,1],"tags":[26,10,31],"_links":{"self":[{"href":"http:\/\/www.kannelmaki.fi\/kaarela-seura\/wp-json\/wp\/v2\/posts\/286"}],"collection":[{"href":"http:\/\/www.kannelmaki.fi\/kaarela-seura\/wp-json\/wp\/v2\/posts"}],"about":[{"href":"http:\/\/www.kannelmaki.fi\/kaarela-seura\/wp-json\/wp\/v2\/types\/post"}],"author":[{"embeddable":true,"href":"http:\/\/www.kannelmaki.fi\/kaarela-seura\/wp-json\/wp\/v2\/users\/1"}],"replies":[{"embeddable":true,"href":"http:\/\/www.kannelmaki.fi\/kaarela-seura\/wp-json\/wp\/v2\/comments?post=286"}],"version-history":[{"count":13,"href":"http:\/\/www.kannelmaki.fi\/kaarela-seura\/wp-json\/wp\/v2\/posts\/286\/revisions"}],"predecessor-version":[{"id":305,"href":"http:\/\/www.kannelmaki.fi\/kaarela-seura\/wp-json\/wp\/v2\/posts\/286\/revisions\/305"}],"wp:featuredmedia":[{"embeddable":true,"href":"http:\/\/www.kannelmaki.fi\/kaarela-seura\/wp-json\/wp\/v2\/media\/287"}],"wp:attachment":[{"href":"http:\/\/www.kannelmaki.fi\/kaarela-seura\/wp-json\/wp\/v2\/media?parent=286"}],"wp:term":[{"taxonomy":"category","embeddable":true,"href":"http:\/\/www.kannelmaki.fi\/kaarela-seura\/wp-json\/wp\/v2\/categories?post=286"},{"taxonomy":"post_tag","embeddable":true,"href":"http:\/\/www.kannelmaki.fi\/kaarela-seura\/wp-json\/wp\/v2\/tags?post=286"}],"curies":[{"name":"wp","href":"https:\/\/api.w.org\/{rel}","templated":true}]}}