{"id":330,"date":"2020-11-30T21:37:37","date_gmt":"2020-11-30T19:37:37","guid":{"rendered":"http:\/\/www.kannelmaki.fi\/kaarela-seura\/?p=330"},"modified":"2020-11-30T21:47:31","modified_gmt":"2020-11-30T19:47:31","slug":"kaarela-seura-ryn-vuosikokous-torstaina-3-12-2020-on-peruutettu-koronatilanteen-vuoksi","status":"publish","type":"post","link":"http:\/\/www.kannelmaki.fi\/kaarela-seura\/2020\/11\/30\/kaarela-seura-ryn-vuosikokous-torstaina-3-12-2020-on-peruutettu-koronatilanteen-vuoksi\/","title":{"rendered":"Kaarela-Seura ry:n vuosikokous torstaina 3.12.2020 on peruttu koronatilanteen vuoksi"},"content":{"rendered":"<p><img loading=\"lazy\" src=\"http:\/\/www.kannelmaki.fi\/kaarela-seura\/wp-content\/uploads\/2020\/11\/koronavirus_paakuva_600x400-300x200.jpg\" alt=\"\" width=\"300\" height=\"200\" class=\"alignnone size-medium wp-image-333\" srcset=\"http:\/\/www.kannelmaki.fi\/kaarela-seura\/wp-content\/uploads\/2020\/11\/koronavirus_paakuva_600x400-300x200.jpg 300w, http:\/\/www.kannelmaki.fi\/kaarela-seura\/wp-content\/uploads\/2020\/11\/koronavirus_paakuva_600x400-360x240.jpg 360w, http:\/\/www.kannelmaki.fi\/kaarela-seura\/wp-content\/uploads\/2020\/11\/koronavirus_paakuva_600x400.jpg 600w\" sizes=\"(max-width: 300px) 100vw, 300px\" \/><\/p>\n<p>T\u00e4m\u00e4nhetkisen koronaohjeistuksen mukaisesti siirr\u00e4mme s\u00e4\u00e4nt\u00f6m\u00e4\u00e4r\u00e4ist\u00e4 vuosikokousta aiemmin sovitusta ajankohdasta 3.12.2020 ja ilmoitamme uuden p\u00e4iv\u00e4m\u00e4\u00e4r\u00e4n my\u00f6hemmin.<\/p>\n<p>Huolehtikaa itsest\u00e4nne sek\u00e4 \u00a0l\u00e4himm\u00e4isist\u00e4nne ja pysyk\u00e4\u00e4 tervein\u00e4!<\/p>\n<p>Kaarela-Seuran \u00a0hallitus<\/p>\n","protected":false},"excerpt":{"rendered":"<p>T\u00e4m\u00e4nhetkisen koronaohjeistuksen mukaisesti siirr\u00e4mme s\u00e4\u00e4nt\u00f6m\u00e4\u00e4r\u00e4ist\u00e4 vuosikokousta aiemmin sovitusta ajankohdasta 3.12.2020 ja ilmoitamme uuden p\u00e4iv\u00e4m\u00e4\u00e4r\u00e4n my\u00f6hemmin. Huolehtikaa itsest\u00e4nne sek\u00e4 \u00a0l\u00e4himm\u00e4isist\u00e4nne ja pysyk\u00e4\u00e4 tervein\u00e4! Kaarela-Seuran \u00a0hallitus<\/p>\n","protected":false},"author":1,"featured_media":333,"comment_status":"closed","ping_status":"open","sticky":false,"template":"","format":"standard","meta":[],"categories":[5,1],"tags":[38,26,28],"_links":{"self":[{"href":"http:\/\/www.kannelmaki.fi\/kaarela-seura\/wp-json\/wp\/v2\/posts\/330"}],"collection":[{"href":"http:\/\/www.kannelmaki.fi\/kaarela-seura\/wp-json\/wp\/v2\/posts"}],"about":[{"href":"http:\/\/www.kannelmaki.fi\/kaarela-seura\/wp-json\/wp\/v2\/types\/post"}],"author":[{"embeddable":true,"href":"http:\/\/www.kannelmaki.fi\/kaarela-seura\/wp-json\/wp\/v2\/users\/1"}],"replies":[{"embeddable":true,"href":"http:\/\/www.kannelmaki.fi\/kaarela-seura\/wp-json\/wp\/v2\/comments?post=330"}],"version-history":[{"count":7,"href":"http:\/\/www.kannelmaki.fi\/kaarela-seura\/wp-json\/wp\/v2\/posts\/330\/revisions"}],"predecessor-version":[{"id":338,"href":"http:\/\/www.kannelmaki.fi\/kaarela-seura\/wp-json\/wp\/v2\/posts\/330\/revisions\/338"}],"wp:featuredmedia":[{"embeddable":true,"href":"http:\/\/www.kannelmaki.fi\/kaarela-seura\/wp-json\/wp\/v2\/media\/333"}],"wp:attachment":[{"href":"http:\/\/www.kannelmaki.fi\/kaarela-seura\/wp-json\/wp\/v2\/media?parent=330"}],"wp:term":[{"taxonomy":"category","embeddable":true,"href":"http:\/\/www.kannelmaki.fi\/kaarela-seura\/wp-json\/wp\/v2\/categories?post=330"},{"taxonomy":"post_tag","embeddable":true,"href":"http:\/\/www.kannelmaki.fi\/kaarela-seura\/wp-json\/wp\/v2\/tags?post=330"}],"curies":[{"name":"wp","href":"https:\/\/api.w.org\/{rel}","templated":true}]}}