{"id":339,"date":"2020-11-30T22:02:41","date_gmt":"2020-11-30T20:02:41","guid":{"rendered":"http:\/\/www.kannelmaki.fi\/kaarela-seura\/?p=339"},"modified":"2020-11-30T22:14:18","modified_gmt":"2020-11-30T20:14:18","slug":"kaarela-seuran-jarjestama-itsenaisyyspaivanjuhla-peruuntuu","status":"publish","type":"post","link":"http:\/\/www.kannelmaki.fi\/kaarela-seura\/2020\/11\/30\/kaarela-seuran-jarjestama-itsenaisyyspaivanjuhla-peruuntuu\/","title":{"rendered":"Kaarela-Seuran j\u00e4rjest\u00e4m\u00e4 Itsen\u00e4isyysp\u00e4iv\u00e4njuhla peruuntuu"},"content":{"rendered":"<p><img loading=\"lazy\" src=\"http:\/\/www.kannelmaki.fi\/kaarela-seura\/wp-content\/uploads\/2020\/11\/joulukuusen-liput-300x154.jpg\" alt=\"\" width=\"300\" height=\"154\" class=\"alignnone size-medium wp-image-341\" srcset=\"http:\/\/www.kannelmaki.fi\/kaarela-seura\/wp-content\/uploads\/2020\/11\/joulukuusen-liput-300x154.jpg 300w, http:\/\/www.kannelmaki.fi\/kaarela-seura\/wp-content\/uploads\/2020\/11\/joulukuusen-liput-768x394.jpg 768w, http:\/\/www.kannelmaki.fi\/kaarela-seura\/wp-content\/uploads\/2020\/11\/joulukuusen-liput.jpg 800w\" sizes=\"(max-width: 300px) 100vw, 300px\" \/><\/p>\n<p>Valitettavasti vallitsevasta koronatilanteesta johtuen joudumme perumaan my\u00f6s perinteisen itsen\u00e4isyyp\u00e4iv\u00e4njuhlamme 6.12.2020. Perinne katkeaa hetkeksi, mutta juhlintaa ei tarvitse unohtaa. Olemme hengess\u00e4 mukana ja odotamme innolla, kun saamme taas kutsua teid\u00e4t kaikki Kanneltaloon yhdess\u00e4 laulamaan Maamme laulua. Siihen asti et\u00e4isyytt\u00e4 pit\u00e4en, mutta yhteisesti laulaen &#8211; tervein\u00e4.<\/p>\n<p><iframe loading=\"lazy\" width=\"750\" height=\"422\" src=\"https:\/\/www.youtube.com\/embed\/aEE8bnLRBLE?feature=oembed\" frameborder=\"0\" allow=\"accelerometer; autoplay; clipboard-write; encrypted-media; gyroscope; picture-in-picture\" allowfullscreen><\/iframe><\/p>\n","protected":false},"excerpt":{"rendered":"<p>Valitettavasti vallitsevasta koronatilanteesta johtuen joudumme perumaan my\u00f6s perinteisen itsen\u00e4isyyp\u00e4iv\u00e4njuhlamme 6.12.2020. Perinne katkeaa hetkeksi, mutta juhlintaa ei tarvitse unohtaa. Olemme hengess\u00e4 mukana ja odotamme innolla, kun saamme taas kutsua teid\u00e4t kaikki Kanneltaloon yhdess\u00e4 laulamaan Maamme laulua. Siihen asti et\u00e4isyytt\u00e4 pit\u00e4en, mutta yhteisesti laulaen &#8211; tervein\u00e4.<\/p>\n","protected":false},"author":1,"featured_media":341,"comment_status":"closed","ping_status":"open","sticky":false,"template":"","format":"standard","meta":[],"categories":[5,1],"tags":[17,26,18],"_links":{"self":[{"href":"http:\/\/www.kannelmaki.fi\/kaarela-seura\/wp-json\/wp\/v2\/posts\/339"}],"collection":[{"href":"http:\/\/www.kannelmaki.fi\/kaarela-seura\/wp-json\/wp\/v2\/posts"}],"about":[{"href":"http:\/\/www.kannelmaki.fi\/kaarela-seura\/wp-json\/wp\/v2\/types\/post"}],"author":[{"embeddable":true,"href":"http:\/\/www.kannelmaki.fi\/kaarela-seura\/wp-json\/wp\/v2\/users\/1"}],"replies":[{"embeddable":true,"href":"http:\/\/www.kannelmaki.fi\/kaarela-seura\/wp-json\/wp\/v2\/comments?post=339"}],"version-history":[{"count":4,"href":"http:\/\/www.kannelmaki.fi\/kaarela-seura\/wp-json\/wp\/v2\/posts\/339\/revisions"}],"predecessor-version":[{"id":344,"href":"http:\/\/www.kannelmaki.fi\/kaarela-seura\/wp-json\/wp\/v2\/posts\/339\/revisions\/344"}],"wp:featuredmedia":[{"embeddable":true,"href":"http:\/\/www.kannelmaki.fi\/kaarela-seura\/wp-json\/wp\/v2\/media\/341"}],"wp:attachment":[{"href":"http:\/\/www.kannelmaki.fi\/kaarela-seura\/wp-json\/wp\/v2\/media?parent=339"}],"wp:term":[{"taxonomy":"category","embeddable":true,"href":"http:\/\/www.kannelmaki.fi\/kaarela-seura\/wp-json\/wp\/v2\/categories?post=339"},{"taxonomy":"post_tag","embeddable":true,"href":"http:\/\/www.kannelmaki.fi\/kaarela-seura\/wp-json\/wp\/v2\/tags?post=339"}],"curies":[{"name":"wp","href":"https:\/\/api.w.org\/{rel}","templated":true}]}}