{"id":462,"date":"2022-12-02T13:44:03","date_gmt":"2022-12-02T11:44:03","guid":{"rendered":"http:\/\/www.kannelmaki.fi\/kaarela-seura\/?p=462"},"modified":"2022-12-02T13:53:16","modified_gmt":"2022-12-02T11:53:16","slug":"itsenaisyyspaivan-juhla-ti-6-12-klo-13-00","status":"publish","type":"post","link":"http:\/\/www.kannelmaki.fi\/kaarela-seura\/2022\/12\/02\/itsenaisyyspaivan-juhla-ti-6-12-klo-13-00\/","title":{"rendered":"Itsen\u00e4isyysp\u00e4iv\u00e4n juhla ti 6.12. klo 13 Kanneltalossa"},"content":{"rendered":"\n<p><\/p>\n\n\n\n<h3><strong>Itsen\u00e4isyysp\u00e4iv\u00e4n juhla ti 6.12. klo 13.00 <\/strong><\/h3>\n\n\n\n<p>OHJELMA<\/p>\n\n\n\n<p>Avaus Kaarela-Seuran puheenjohtaja Jauri Varvikko<\/p>\n\n\n\n<p>Kannelm\u00e4en voimistelijoiden Dance fusion -ryhm\u00e4<\/p>\n\n\n\n<p>Juhlapuhe apulaispormestari Paavo Arhinm\u00e4ki<\/p>\n\n\n\n<p>DUO FRIM FRAM &#8211; Sirpa Suomalainen saksofoni, Juki V\u00e4lipakka laulu ja kitara<\/p>\n\n\n\n<p>KAARELAN VUODEN 2022 YRITT\u00c4J\u00c4N PALKITSEMINEN<\/p>\n\n\n\n<p>Stadin Juhlaorkesteri &#8211; Johannes Juolahti<\/p>\n","protected":false},"excerpt":{"rendered":"<p>Itsen\u00e4isyysp\u00e4iv\u00e4n juhla ti 6.12. klo 13.00 OHJELMA Avaus Kaarela-Seuran puheenjohtaja Jauri Varvikko Kannelm\u00e4en voimistelijoiden Dance fusion -ryhm\u00e4 Juhlapuhe apulaispormestari Paavo Arhinm\u00e4ki DUO FRIM FRAM &#8211; Sirpa Suomalainen saksofoni, Juki V\u00e4lipakka laulu ja kitara KAARELAN VUODEN 2022 YRITT\u00c4J\u00c4N PALKITSEMINEN Stadin Juhlaorkesteri &#8211; Johannes Juolahti<\/p>\n","protected":false},"author":1,"featured_media":475,"comment_status":"closed","ping_status":"open","sticky":false,"template":"","format":"standard","meta":[],"categories":[1],"tags":[],"_links":{"self":[{"href":"http:\/\/www.kannelmaki.fi\/kaarela-seura\/wp-json\/wp\/v2\/posts\/462"}],"collection":[{"href":"http:\/\/www.kannelmaki.fi\/kaarela-seura\/wp-json\/wp\/v2\/posts"}],"about":[{"href":"http:\/\/www.kannelmaki.fi\/kaarela-seura\/wp-json\/wp\/v2\/types\/post"}],"author":[{"embeddable":true,"href":"http:\/\/www.kannelmaki.fi\/kaarela-seura\/wp-json\/wp\/v2\/users\/1"}],"replies":[{"embeddable":true,"href":"http:\/\/www.kannelmaki.fi\/kaarela-seura\/wp-json\/wp\/v2\/comments?post=462"}],"version-history":[{"count":9,"href":"http:\/\/www.kannelmaki.fi\/kaarela-seura\/wp-json\/wp\/v2\/posts\/462\/revisions"}],"predecessor-version":[{"id":473,"href":"http:\/\/www.kannelmaki.fi\/kaarela-seura\/wp-json\/wp\/v2\/posts\/462\/revisions\/473"}],"wp:featuredmedia":[{"embeddable":true,"href":"http:\/\/www.kannelmaki.fi\/kaarela-seura\/wp-json\/wp\/v2\/media\/475"}],"wp:attachment":[{"href":"http:\/\/www.kannelmaki.fi\/kaarela-seura\/wp-json\/wp\/v2\/media?parent=462"}],"wp:term":[{"taxonomy":"category","embeddable":true,"href":"http:\/\/www.kannelmaki.fi\/kaarela-seura\/wp-json\/wp\/v2\/categories?post=462"},{"taxonomy":"post_tag","embeddable":true,"href":"http:\/\/www.kannelmaki.fi\/kaarela-seura\/wp-json\/wp\/v2\/tags?post=462"}],"curies":[{"name":"wp","href":"https:\/\/api.w.org\/{rel}","templated":true}]}}