{"id":493,"date":"2023-04-05T21:29:11","date_gmt":"2023-04-05T18:29:11","guid":{"rendered":"https:\/\/www.kannelmaki.fi\/kaarela-seura\/?p=493"},"modified":"2023-04-05T21:44:04","modified_gmt":"2023-04-05T18:44:04","slug":"yhteislaulutilaisuus-ti-11-4-23-klo-16-18","status":"publish","type":"post","link":"http:\/\/www.kannelmaki.fi\/kaarela-seura\/2023\/04\/05\/yhteislaulutilaisuus-ti-11-4-23-klo-16-18\/","title":{"rendered":"Yhteislaulutilaisuus 11.4.23 klo 16-18"},"content":{"rendered":"\n<p>Tule mukaan yhteislaulutilaisuuteen Purpurin asukastalolle, Purpuripolku 6. <\/p>\n\n\n\n<p>Laulamassa ja s\u00e4est\u00e4m\u00e4ss\u00e4 mukana Pekka Vaittinen.<\/p>\n\n\n\n<p>Tarjolla kahvia ja pullaa. Tervetuloa!<\/p>\n","protected":false},"excerpt":{"rendered":"<p>Tule mukaan yhteislaulutilaisuuteen Purpurin asukastalolle, Purpuripolku 6. Laulamassa ja s\u00e4est\u00e4m\u00e4ss\u00e4 mukana Pekka Vaittinen. Tarjolla kahvia ja pullaa. Tervetuloa!<\/p>\n","protected":false},"author":1,"featured_media":494,"comment_status":"closed","ping_status":"open","sticky":false,"template":"","format":"standard","meta":[],"categories":[1],"tags":[],"_links":{"self":[{"href":"http:\/\/www.kannelmaki.fi\/kaarela-seura\/wp-json\/wp\/v2\/posts\/493"}],"collection":[{"href":"http:\/\/www.kannelmaki.fi\/kaarela-seura\/wp-json\/wp\/v2\/posts"}],"about":[{"href":"http:\/\/www.kannelmaki.fi\/kaarela-seura\/wp-json\/wp\/v2\/types\/post"}],"author":[{"embeddable":true,"href":"http:\/\/www.kannelmaki.fi\/kaarela-seura\/wp-json\/wp\/v2\/users\/1"}],"replies":[{"embeddable":true,"href":"http:\/\/www.kannelmaki.fi\/kaarela-seura\/wp-json\/wp\/v2\/comments?post=493"}],"version-history":[{"count":3,"href":"http:\/\/www.kannelmaki.fi\/kaarela-seura\/wp-json\/wp\/v2\/posts\/493\/revisions"}],"predecessor-version":[{"id":497,"href":"http:\/\/www.kannelmaki.fi\/kaarela-seura\/wp-json\/wp\/v2\/posts\/493\/revisions\/497"}],"wp:featuredmedia":[{"embeddable":true,"href":"http:\/\/www.kannelmaki.fi\/kaarela-seura\/wp-json\/wp\/v2\/media\/494"}],"wp:attachment":[{"href":"http:\/\/www.kannelmaki.fi\/kaarela-seura\/wp-json\/wp\/v2\/media?parent=493"}],"wp:term":[{"taxonomy":"category","embeddable":true,"href":"http:\/\/www.kannelmaki.fi\/kaarela-seura\/wp-json\/wp\/v2\/categories?post=493"},{"taxonomy":"post_tag","embeddable":true,"href":"http:\/\/www.kannelmaki.fi\/kaarela-seura\/wp-json\/wp\/v2\/tags?post=493"}],"curies":[{"name":"wp","href":"https:\/\/api.w.org\/{rel}","templated":true}]}}