{"id":501,"date":"2023-04-21T17:07:46","date_gmt":"2023-04-21T14:07:46","guid":{"rendered":"https:\/\/www.kannelmaki.fi\/kaarela-seura\/?p=501"},"modified":"2023-04-21T17:14:24","modified_gmt":"2023-04-21T14:14:24","slug":"yhteislaulutilaisuus-2-ti-9-5-23-klo-16-18","status":"publish","type":"post","link":"http:\/\/www.kannelmaki.fi\/kaarela-seura\/2023\/04\/21\/yhteislaulutilaisuus-2-ti-9-5-23-klo-16-18\/","title":{"rendered":"Yhteislaulutilaisuus 2 (9.5.23 klo 16-18)"},"content":{"rendered":"\n<p> <p>Tule mukaan jo toiseen j\u00e4rjest\u00e4m\u00e4\u00e4mme yhteislaulutilaisuuteen Purpurin asukastalolle, Purpuripolku 6. <\/p><p>Laulamassa ja s\u00e4est\u00e4m\u00e4ss\u00e4 mukana Pekka Vaittinen.<\/p><p>Tarjolla kahvia ja pullaa. Tervetuloa!<\/p> <\/p>\n\n\n\n<p><\/p>\n\n\n\n<p><\/p>\n","protected":false},"excerpt":{"rendered":"<p>Tule mukaan jo toiseen j\u00e4rjest\u00e4m\u00e4\u00e4mme yhteislaulutilaisuuteen Purpurin asukastalolle, Purpuripolku 6. Laulamassa ja s\u00e4est\u00e4m\u00e4ss\u00e4 mukana Pekka Vaittinen. Tarjolla kahvia ja pullaa. Tervetuloa!<\/p>\n","protected":false},"author":1,"featured_media":502,"comment_status":"closed","ping_status":"open","sticky":false,"template":"","format":"standard","meta":[],"categories":[1],"tags":[],"_links":{"self":[{"href":"http:\/\/www.kannelmaki.fi\/kaarela-seura\/wp-json\/wp\/v2\/posts\/501"}],"collection":[{"href":"http:\/\/www.kannelmaki.fi\/kaarela-seura\/wp-json\/wp\/v2\/posts"}],"about":[{"href":"http:\/\/www.kannelmaki.fi\/kaarela-seura\/wp-json\/wp\/v2\/types\/post"}],"author":[{"embeddable":true,"href":"http:\/\/www.kannelmaki.fi\/kaarela-seura\/wp-json\/wp\/v2\/users\/1"}],"replies":[{"embeddable":true,"href":"http:\/\/www.kannelmaki.fi\/kaarela-seura\/wp-json\/wp\/v2\/comments?post=501"}],"version-history":[{"count":6,"href":"http:\/\/www.kannelmaki.fi\/kaarela-seura\/wp-json\/wp\/v2\/posts\/501\/revisions"}],"predecessor-version":[{"id":510,"href":"http:\/\/www.kannelmaki.fi\/kaarela-seura\/wp-json\/wp\/v2\/posts\/501\/revisions\/510"}],"wp:featuredmedia":[{"embeddable":true,"href":"http:\/\/www.kannelmaki.fi\/kaarela-seura\/wp-json\/wp\/v2\/media\/502"}],"wp:attachment":[{"href":"http:\/\/www.kannelmaki.fi\/kaarela-seura\/wp-json\/wp\/v2\/media?parent=501"}],"wp:term":[{"taxonomy":"category","embeddable":true,"href":"http:\/\/www.kannelmaki.fi\/kaarela-seura\/wp-json\/wp\/v2\/categories?post=501"},{"taxonomy":"post_tag","embeddable":true,"href":"http:\/\/www.kannelmaki.fi\/kaarela-seura\/wp-json\/wp\/v2\/tags?post=501"}],"curies":[{"name":"wp","href":"https:\/\/api.w.org\/{rel}","templated":true}]}}