{"id":525,"date":"2023-11-03T15:08:56","date_gmt":"2023-11-03T13:08:56","guid":{"rendered":"https:\/\/www.kannelmaki.fi\/kaarela-seura\/?p=525"},"modified":"2023-11-03T15:14:47","modified_gmt":"2023-11-03T13:14:47","slug":"kaarela-seura-ryn-syyskokous-vuosikokous","status":"publish","type":"post","link":"https:\/\/www.kannelmaki.fi\/kaarela-seura\/2023\/11\/03\/kaarela-seura-ryn-syyskokous-vuosikokous\/","title":{"rendered":"Kaarela-Seura ry:n syyskokous (vuosikokous)"},"content":{"rendered":"\n<p>Syyskokous j\u00e4rjestet\u00e4\u00e4n torstaina 16.11. klo 18.00 Asukastalo Purpurissa, Purpuripolku 6, 00420 Helsinki.<\/p>\n\n\n\n<p>S\u00e4\u00e4nt\u00f6jen m\u00e4\u00e4r\u00e4\u00e4m\u00e4t asiat. Tervetuloa!<\/p>\n","protected":false},"excerpt":{"rendered":"<p>Syyskokous j\u00e4rjestet\u00e4\u00e4n torstaina 16.11. klo 18.00 Asukastalo Purpurissa, Purpuripolku 6, 00420 Helsinki. S\u00e4\u00e4nt\u00f6jen m\u00e4\u00e4r\u00e4\u00e4m\u00e4t asiat. Tervetuloa!<\/p>\n","protected":false},"author":1,"featured_media":521,"comment_status":"closed","ping_status":"open","sticky":false,"template":"","format":"standard","meta":[],"categories":[1],"tags":[],"_links":{"self":[{"href":"https:\/\/www.kannelmaki.fi\/kaarela-seura\/wp-json\/wp\/v2\/posts\/525"}],"collection":[{"href":"https:\/\/www.kannelmaki.fi\/kaarela-seura\/wp-json\/wp\/v2\/posts"}],"about":[{"href":"https:\/\/www.kannelmaki.fi\/kaarela-seura\/wp-json\/wp\/v2\/types\/post"}],"author":[{"embeddable":true,"href":"https:\/\/www.kannelmaki.fi\/kaarela-seura\/wp-json\/wp\/v2\/users\/1"}],"replies":[{"embeddable":true,"href":"https:\/\/www.kannelmaki.fi\/kaarela-seura\/wp-json\/wp\/v2\/comments?post=525"}],"version-history":[{"count":4,"href":"https:\/\/www.kannelmaki.fi\/kaarela-seura\/wp-json\/wp\/v2\/posts\/525\/revisions"}],"predecessor-version":[{"id":529,"href":"https:\/\/www.kannelmaki.fi\/kaarela-seura\/wp-json\/wp\/v2\/posts\/525\/revisions\/529"}],"wp:featuredmedia":[{"embeddable":true,"href":"https:\/\/www.kannelmaki.fi\/kaarela-seura\/wp-json\/wp\/v2\/media\/521"}],"wp:attachment":[{"href":"https:\/\/www.kannelmaki.fi\/kaarela-seura\/wp-json\/wp\/v2\/media?parent=525"}],"wp:term":[{"taxonomy":"category","embeddable":true,"href":"https:\/\/www.kannelmaki.fi\/kaarela-seura\/wp-json\/wp\/v2\/categories?post=525"},{"taxonomy":"post_tag","embeddable":true,"href":"https:\/\/www.kannelmaki.fi\/kaarela-seura\/wp-json\/wp\/v2\/tags?post=525"}],"curies":[{"name":"wp","href":"https:\/\/api.w.org\/{rel}","templated":true}]}}